{"id":7113,"date":"2026-08-18T21:19:29","date_gmt":"2026-08-19T02:19:29","guid":{"rendered":"https:\/\/mividasas.com\/?p=7113"},"modified":"2026-08-22T11:54:50","modified_gmt":"2026-08-22T16:54:50","slug":"yo-soy-sas-la-firmeza-de-la-palabra","status":"publish","type":"post","link":"https:\/\/mividasas.com\/en\/yo-soy-sas-la-firmeza-de-la-palabra\/","title":{"rendered":"Yo Soy S.A.S.: The Power of the Word"},"content":{"rendered":"<p class=\"font-claude-response-body break-words whitespace-normal\" dir=\"ltr\" data-sourcepos=\"17:1-17:332;912-1243\">Why is a company called \u201cthe firm\u201d? The word comes from Latin <em>I will sign<\/em>, which means to make something firm or provide stability. In commercial law, a company\u2019s signature is the name by which it identifies itself and assumes liability: what is signed is binding. That is why, ultimately, an organization is only as valuable as its signature.<\/p>\n<p class=\"font-claude-response-body break-words whitespace-normal\" dir=\"ltr\" data-sourcepos=\"19:1-19:526;1245-1770\">Your \u201cI Am, Inc.\u201d\u2014the personal company you founded the day you were born\u2014works the same way. Compare two statements about the same event: \u201cI had to change jobs\u201d and \u201cI decided to change jobs.\u201d The path and the tools are the same; the only difference is \u201cLIFE\u201d: the Will and Intention to Decide to Act. The difference doesn\u2019t lie in the circumstances, but in who signs off on the action. That is agency: the ability to put your signature on your own existence. Those who don\u2019t sign off don\u2019t take the lead; things simply happen to them.<\/p>\n<p class=\"font-claude-response-body break-words whitespace-normal\" dir=\"ltr\" data-sourcepos=\"21:1-21:496;1772-2267\">This complete surrender to taking ownership of your reality connects us to the poem \u201cDefeat\u201d by Kahlil Gibran (<em>The Madman<\/em>, 1918). The author describes his defeat not as a loss, but as a dazzling declaration of his own sovereignty, in which he stands tall in the sun, driven by a single will. Likewise, in the Gospel, Jesus holds us to this standard of radical consistency by teaching us that our word must be firm and transparent: let our \u201cyes\u201d be yes, and our \u201cno\u201d be no (Matthew 5:37).<\/p>\n<p class=\"font-claude-response-body break-words whitespace-normal\" dir=\"ltr\" data-sourcepos=\"23:1-23:293;2269-2561\">And here lies the hidden wisdom: \u201cGod said, \u201dLet there be\u2026\u201c and it was so\u201d (Genesis 1). That is why this personal organization is called \u201cMi Vida S.A.S.\u201d: because your existence is your greatest enterprise. And a life, just like a company, is worth exactly what the word that says \u201cyes\u201d\u2014or says \u201cno\u201d\u2014is worth.<\/p>\n<p class=\"font-claude-response-body break-words whitespace-normal\" dir=\"ltr\" data-sourcepos=\"25:1-25:38;2563-2600\"><em>With PAS: Think, Act, and Sustain,<\/em><\/p>\n<p class=\"font-claude-response-body break-words whitespace-normal\" dir=\"ltr\" data-sourcepos=\"27:1-27:32;2602-2633\"><strong>Julio Cesar Tamayo Betancur<\/strong><\/p>\n<p class=\"font-claude-response-body break-words whitespace-normal\" dir=\"ltr\" data-sourcepos=\"31:1-31:302;2640-2941\">Your signature isn't just a stroke of a pen\u2014it's your word made into a commitment. If this reflection has moved you in any way, we invite you to make your own signature a reality by <a href=\"https:\/\/mividasas.com\/en\/el-ejercicio-de-la-firma\/\" target=\"_blank\" rel=\"noopener\"><strong>The Firm's Fiscal Year<\/strong><\/a> \u00a0\u2014 a downloadable tool to help you start putting your will at the forefront of your life.<\/p>\n<p class=\"font-claude-response-body break-words whitespace-normal\" dir=\"ltr\" data-sourcepos=\"33:1-33:244;2943-3186\">And if you want to take the next step, sign up for free at <a href=\"https:\/\/mividasas.com\/en\/Cursos\/constituye-tu-empresa-de-vida\/\" target=\"_blank\" rel=\"noopener\"><strong>Start Your Own Life Company<\/strong><\/a>\u00a0 where you'll sign your own <strong>Articles of Incorporation<\/strong> \u2014 the symbolic document that seals your commitment as the CEO of your life.<\/p>\n<p dir=\"ltr\" data-sourcepos=\"33:1-33:244;2943-3186\">","protected":false},"excerpt":{"rendered":"<p>\u00bfPor qu\u00e9 a una empresa se le llama &#8220;la firma&#8221;? La palabra viene del lat\u00edn firmare, que significa hacer firme o dar estabilidad. En el derecho mercantil, la firma es el nombre con el que una compa\u00f1\u00eda se identifica y asume responsabilidad: lo que se firma, se debe. Por eso, en el fondo, una organizaci\u00f3n [&hellip;]<\/p>\n","protected":false},"author":1,"featured_media":7114,"comment_status":"closed","ping_status":"closed","sticky":false,"template":"","format":"standard","meta":{"footnotes":""},"categories":[1],"tags":[166,168,165,167,145,147,148],"class_list":["post-7113","post","type-post","status-publish","format-standard","has-post-thumbnail","hentry","category-blog","tag-agencia-personal","tag-columna-de-julio","tag-firma-personal","tag-julio-cesar-tamayo","tag-metodo-modo-ceo","tag-mi-vida-sas","tag-yo-soy-sas"],"_links":{"self":[{"href":"https:\/\/mividasas.com\/en\/wp-json\/wp\/v2\/posts\/7113","targetHints":{"allow":["GET"]}}],"collection":[{"href":"https:\/\/mividasas.com\/en\/wp-json\/wp\/v2\/posts"}],"about":[{"href":"https:\/\/mividasas.com\/en\/wp-json\/wp\/v2\/types\/post"}],"author":[{"embeddable":true,"href":"https:\/\/mividasas.com\/en\/wp-json\/wp\/v2\/users\/1"}],"replies":[{"embeddable":true,"href":"https:\/\/mividasas.com\/en\/wp-json\/wp\/v2\/comments?post=7113"}],"version-history":[{"count":2,"href":"https:\/\/mividasas.com\/en\/wp-json\/wp\/v2\/posts\/7113\/revisions"}],"predecessor-version":[{"id":7118,"href":"https:\/\/mividasas.com\/en\/wp-json\/wp\/v2\/posts\/7113\/revisions\/7118"}],"wp:featuredmedia":[{"embeddable":true,"href":"https:\/\/mividasas.com\/en\/wp-json\/wp\/v2\/media\/7114"}],"wp:attachment":[{"href":"https:\/\/mividasas.com\/en\/wp-json\/wp\/v2\/media?parent=7113"}],"wp:term":[{"taxonomy":"category","embeddable":true,"href":"https:\/\/mividasas.com\/en\/wp-json\/wp\/v2\/categories?post=7113"},{"taxonomy":"post_tag","embeddable":true,"href":"https:\/\/mividasas.com\/en\/wp-json\/wp\/v2\/tags?post=7113"}],"curies":[{"name":"wp","href":"https:\/\/api.w.org\/{rel}","templated":true}]}}