{"id":7075,"date":"2026-07-14T20:08:54","date_gmt":"2026-07-14T20:08:54","guid":{"rendered":"https:\/\/mividasas.com\/?p=7075"},"modified":"2026-08-22T12:17:49","modified_gmt":"2026-08-22T17:17:49","slug":"la-vida-personal-es-lo-unico-que-lleva-tu-firma","status":"publish","type":"post","link":"https:\/\/mividasas.com\/en\/la-vida-personal-es-lo-unico-que-lleva-tu-firma\/","title":{"rendered":"Your personal life is the only thing that bears your signature"},"content":{"rendered":"<p class=\"font-claude-response-body break-words whitespace-normal\" data-sourcepos=\"20:1-20:219;813-1031\">\u00bfQu\u00e9 es la vida personal? Creemos saberlo, hasta que intentamos definirlo. Podr\u00edamos decir que es aquella porci\u00f3n de nuestra existencia que lleva, literalmente, nuestra firma: lo que solo t\u00fa vives, decides y respondes.<\/p>\n<p class=\"font-claude-response-body break-words whitespace-normal\" data-sourcepos=\"22:1-22:463;1033-1495\">A menudo la confundimos con la &#8220;vida privada&#8221;, pensando que es solo el tiempo libre despu\u00e9s del trabajo. Pero la vida laboral tambi\u00e9n es personal, porque al final, el que firma cada acci\u00f3n y decisi\u00f3n eres t\u00fa. No es un horario que cumplir; es la dimensi\u00f3n que atraviesa todos los horarios. Y esa confusi\u00f3n, sostenida por a\u00f1os, es la puerta de entrada a <a href=\"https:\/\/mividasas.com\/la-quiebra-silenciosa-cuando-tu-vida-tiene-los-numeros-en-verde-pero-esta-quebrada-por-dentro\/\" target=\"_blank\" rel=\"noopener\">la quiebra silenciosa<\/a>: todo funciona en papel, menos la firma.<\/p>\n<p class=\"font-claude-response-body break-words whitespace-normal\" data-sourcepos=\"24:1-24:353;1497-1849\">Esta reflexi\u00f3n encuentra su ra\u00edz en el poema &#8220;El mundo perfecto&#8221; de Gibran Khalil Gibran (1918). Con iron\u00eda, el autor describe una sociedad automatizada donde la gente trabaja, ama, juega y peca bajo normas estrictas y horarios prefabricados que matan la autenticidad del alma. Frente a esa maquinaria, Gibran se reconoce como un hermoso &#8220;caos humano&#8221;.<\/p>\n<p class=\"font-claude-response-body break-words whitespace-normal\" data-sourcepos=\"26:1-26:199;1851-2049\">Y es que la verdadera vida se vive siempre en primera persona. No se trata de las circunstancias que te tocaron jugar \u2014\u00e9poca, cuerpo, familia o econom\u00eda\u2014, sino de c\u00f3mo decides jugar dentro de ellas.<\/p>\n<p class=\"font-claude-response-body break-words whitespace-normal\" data-sourcepos=\"28:1-28:254;2051-2304\">Tu vida es intransferible. Puedes delegar tareas y cargos, pero nadie puede amar, perdonar o creer por ti. En una empresa existe un representante legal, pero en tu existencia no hay delegados. No eres un curr\u00edculum; eres una historia con autor\u00eda propia.<\/p>\n<p class=\"font-claude-response-body break-words whitespace-normal\" data-sourcepos=\"30:1-30:209;2306-2514\">Como bien dijo el maestro Jes\u00fas: \u00bfde qu\u00e9 te sirve ganar el mundo entero, si pierdes tu vida? Entender esto es fundamental: la vida personal es lo \u00fanico que puedes perder mientras intentas ganar todo lo dem\u00e1s.<\/p>\n<p class=\"font-claude-response-body break-words whitespace-normal\" data-sourcepos=\"32:1-32:232;2516-2747\">Si tu vida lleva tu firma, merece tambi\u00e9n sus escrituras. Nuestro curso gratuito <a href=\"https:\/\/mividasas.com\/Cursos\/complete-trello-beginners-to-advanced\/\" target=\"_blank\" rel=\"noopener\"><strong>Constituye tu Empresa de Vida <\/strong><\/a>te gu\u00eda paso a paso para ponerlas por escrito. Las pre-inscripciones est\u00e1n abiertas.<\/p>\n<p class=\"font-claude-response-body break-words whitespace-normal\" data-sourcepos=\"34:1-34:40;2749-2788\"><em>Con PAS: <strong>P<\/strong>royectar <strong>A<\/strong>mbientes <strong>S<\/strong>erenos,<\/em><\/p>\n<p class=\"font-claude-response-body break-words whitespace-normal\" data-sourcepos=\"36:1-36:32;2790-2821\"><strong>Julio Cesar Tamayo Betancur<\/strong><\/p>\n<p data-sourcepos=\"36:1-36:32;2790-2821\">\ud83c\udf81 <strong>Material extra para ti:<\/strong> \u00bfQuieres descubrir qui\u00e9n firm\u00f3 tu \u00faltima semana? Reg\u00edstrate y descarga gratis <strong>El Ejercicio de la Firma<\/strong>, el complemento pr\u00e1ctico de este art\u00edculo.<\/p>\n<p data-sourcepos=\"36:1-36:32;2790-2821\"><div class='fluentform ff-default fluentform_wrapper_3 ffs_default_wrap'><form data-form_id=\"3\" id=\"fluentform_3\" class=\"frm-fluent-form fluent_form_3 ff-el-form-top ff_form_instance_3_1 ff-form-loading ffs_default\" data-form_instance=\"ff_form_instance_3_1\" method=\"POST\" ><fieldset  style=\"border: none!important;margin: 0!important;padding: 0!important;background-color: transparent!important;box-shadow: none!important;outline: none!important; min-inline-size: 100%;\">\n                    <legend class=\"ff_screen_reader_title\" style=\"display: block; margin: 0!important;padding: 0!important;height: 0!important;text-indent: -999999px;width: 0!important;overflow:hidden;\">Descargable - El Ejercicio de la Firma<\/legend><input type='hidden' name='__fluent_form_embded_post_id' value='7075' \/><input type=\"hidden\" id=\"_fluentform_3_fluentformnonce\" name=\"_fluentform_3_fluentformnonce\" value=\"a888a3ab94\" \/><input type=\"hidden\" name=\"_wp_http_referer\" value=\"\/en\/wp-json\/wp\/v2\/posts\/7075\" \/><div data-type=\"name-element\" data-name=\"names\" class=\" ff-field_container ff-name-field-wrapper\" ><div class='ff-t-container'><div class='ff-t-cell '><div class='ff-el-group ff-el-form-top'><div class=\"ff-el-input--label asterisk-right\"><label for='ff_3_names_first_name_' id='label_ff_3_names_first_name_' >First Name<\/label><\/div><div class='ff-el-input--content'><input type=\"text\" name=\"names[first_name]\" id=\"ff_3_names_first_name_\" class=\"ff-el-form-control\" placeholder=\"Enter Your First Name\" aria-invalid=\"false\" aria-required=false><\/div><\/div><\/div><\/div><\/div><div class='ff-el-group'><div class=\"ff-el-input--label asterisk-right\"><label for='ff_3_email' id='label_ff_3_email' aria-label=\"Tu correo electr\u00f3nico\">Tu correo electr\u00f3nico<\/label><\/div><div class='ff-el-input--content'><input type=\"email\" name=\"email\" id=\"ff_3_email\" class=\"ff-el-form-control\" placeholder=\"tucorreo@ejemplo.com\" data-name=\"email\"  aria-invalid=\"false\" aria-required=false><\/div><\/div><div class='ff-el-group ff-text-left ff_submit_btn_wrapper'><button type=\"submit\" class=\"ff-btn ff-btn-submit ff-btn-md ff_btn_style\"  aria-label=\"&quot;Quiero mi ejercicio \ud83c\udf81&quot;\">\"Quiero mi ejercicio \ud83c\udf81\"<\/button><\/div><\/fieldset><\/form><div id='fluentform_3_errors' class='ff-errors-in-stack ff_form_instance_3_1 ff-form-loading_errors ff_form_instance_3_1_errors'><\/div><\/div>            <script type=\"text\/javascript\">\n                window.fluent_form_ff_form_instance_3_1 = {\"id\":\"3\",\"ajaxUrl\":\"https:\\\/\\\/mividasas.com\\\/wp-admin\\\/admin-ajax.php\",\"settings\":{\"layout\":{\"labelPlacement\":\"top\",\"asteriskPlacement\":\"asterisk-right\",\"helpMessagePlacement\":\"with_label\",\"errorMessagePlacement\":\"inline\",\"cssClassName\":\"\"},\"restrictions\":{\"denyEmptySubmission\":{\"enabled\":false}}},\"form_instance\":\"ff_form_instance_3_1\",\"form_id_selector\":\"fluentform_3\",\"rules\":{\"names[first_name]\":{\"required\":{\"value\":false,\"message\":\"This field is required\",\"global_message\":\"This field is required\",\"global\":true}},\"names[middle_name]\":{\"required\":{\"value\":false,\"message\":\"This field is required\",\"global_message\":\"This field is required\",\"global\":true}},\"names[last_name]\":{\"required\":{\"value\":false,\"message\":\"This field is required\",\"global_message\":\"This field is required\",\"global\":true}},\"email\":{\"required\":{\"value\":false,\"message\":\"This field is required\",\"global_message\":\"This field is required\",\"global\":true},\"email\":{\"value\":true,\"message\":\"This field must contain a valid email\",\"global_message\":\"This field must contain a valid email\",\"global\":true}}},\"debounce_time\":300,\"file_upload_settings\":[]};\n                            <\/script>\n            <\/p>\n","protected":false},"excerpt":{"rendered":"<p>\u00bfQu\u00e9 es la vida personal? Creemos saberlo, hasta que intentamos definirlo. Podr\u00edamos decir que es aquella porci\u00f3n de nuestra existencia que lleva, literalmente, nuestra firma: lo que solo t\u00fa vives, decides y respondes. A menudo la confundimos con la &#8220;vida privada&#8221;, pensando que es solo el tiempo libre despu\u00e9s del trabajo. Pero la vida laboral [&hellip;]<\/p>\n","protected":false},"author":1,"featured_media":7076,"comment_status":"closed","ping_status":"closed","sticky":false,"template":"","format":"standard","meta":{"footnotes":""},"categories":[1],"tags":[120,168,146,167,145,147,121,144,143],"class_list":["post-7075","post","type-post","status-publish","format-standard","has-post-thumbnail","hentry","category-blog","tag-autenticidad","tag-columna-de-julio","tag-gibran-khalil-gibran","tag-julio-cesar-tamayo","tag-metodo-modo-ceo","tag-mi-vida-sas","tag-proposito-de-vida","tag-ser-tu-propio-ceo","tag-vida-personal"],"_links":{"self":[{"href":"https:\/\/mividasas.com\/en\/wp-json\/wp\/v2\/posts\/7075","targetHints":{"allow":["GET"]}}],"collection":[{"href":"https:\/\/mividasas.com\/en\/wp-json\/wp\/v2\/posts"}],"about":[{"href":"https:\/\/mividasas.com\/en\/wp-json\/wp\/v2\/types\/post"}],"author":[{"embeddable":true,"href":"https:\/\/mividasas.com\/en\/wp-json\/wp\/v2\/users\/1"}],"replies":[{"embeddable":true,"href":"https:\/\/mividasas.com\/en\/wp-json\/wp\/v2\/comments?post=7075"}],"version-history":[{"count":5,"href":"https:\/\/mividasas.com\/en\/wp-json\/wp\/v2\/posts\/7075\/revisions"}],"predecessor-version":[{"id":7121,"href":"https:\/\/mividasas.com\/en\/wp-json\/wp\/v2\/posts\/7075\/revisions\/7121"}],"wp:featuredmedia":[{"embeddable":true,"href":"https:\/\/mividasas.com\/en\/wp-json\/wp\/v2\/media\/7076"}],"wp:attachment":[{"href":"https:\/\/mividasas.com\/en\/wp-json\/wp\/v2\/media?parent=7075"}],"wp:term":[{"taxonomy":"category","embeddable":true,"href":"https:\/\/mividasas.com\/en\/wp-json\/wp\/v2\/categories?post=7075"},{"taxonomy":"post_tag","embeddable":true,"href":"https:\/\/mividasas.com\/en\/wp-json\/wp\/v2\/tags?post=7075"}],"curies":[{"name":"wp","href":"https:\/\/api.w.org\/{rel}","templated":true}]}}