{"id":6743,"date":"2025-02-19T14:24:03","date_gmt":"2025-02-19T14:24:03","guid":{"rendered":"https:\/\/mividasas.com\/?p=6743"},"modified":"2025-02-19T14:24:03","modified_gmt":"2025-02-19T14:24:03","slug":"mi-vida-sas-mi-vida-mi-mas-grande-empresa","status":"publish","type":"post","link":"https:\/\/mividasas.com\/en\/mi-vida-sas-mi-vida-mi-mas-grande-empresa\/","title":{"rendered":"\"MI VIDA SAS: My life, my biggest company!"},"content":{"rendered":"<p>&#8220;Mi Vida SAS&#8221; no es solo un proyecto&#8230; es una propuesta de vida; un enfoque audaz y \u00fanico, inspirado en el amor y el servicio. Desde la Comunidad Plenitud Sacerdotal \u2014fundadora de esta iniciativa\u2014 se nos invita a ver nuestra propia vida como la \u201cempresa del alma\u201d, un proyecto personal donde gestionamos (de manera estrat\u00e9gica) nuestros valores, decisiones y relaciones para alcanzar una existencia plena. \u00bfTe imaginas dirigir tu vida con las herramientas de una empresa, pero enfocadas en tu crecimiento personal? Esto es exactamente lo que propone &#8220;Mi Vida SAS&#8221;.<\/p>\n<h1>Transformando la mentalidad&#8230;<\/h1>\n<p>El prop\u00f3sito central es construir una vida con sentido, \u00a1un sentido profundo!, basado en valores y en una visi\u00f3n transformadora. En esta \u201cempresa\u201d no hablamos solo de logros materiales; hablamos de vivir con intencionalidad y autenticidad, y de preguntarnos cada d\u00eda: \u201c\u00bfQu\u00e9 tipo de vida quiero construir?\u201d. Al aplicar los principios de la espiritualidad y la gesti\u00f3n, &#8220;Mi Vida SAS&#8221; nos invita a tomar decisiones conscientes&#8230; a edificar nuestro ser y a orientarlo hacia los dem\u00e1s; es decir, a transformar nuestro yo en un \u201cyo\u201d que sirve, crece y ama.<\/p>\n<h1>\u00bfDe qu\u00e9 trata &#8220;Mi Vida SAS&#8221;?<\/h1>\n<p>&#8220;Mi Vida SAS&#8221; se estructura en torno a un libro&#8230; una especie de &#8220;manual de vida&#8221; escrito de manera colaborativa por miembros de la comunidad. El libro abarca temas vitales para el desarrollo integral de cada persona: [la salud mental], la gesti\u00f3n de recursos personales, la espiritualidad, las relaciones significativas&#8230; \u00a1y mucho m\u00e1s! A trav\u00e9s de un enfoque integral, se exploran aspectos fundamentales para el bienestar y se ofrecen herramientas pr\u00e1cticas de reflexi\u00f3n, preguntas clave y ejercicios aplicables a la vida cotidiana. En este viaje de crecimiento&#8230; el lector aprende a asumir un papel activo en su desarrollo personal y espiritual, viendo cada decisi\u00f3n como una oportunidad de avanzar en su camino hacia una vida plena.<\/p>\n<p>Adem\u00e1s del libro, el proyecto se complementa con una variedad de recursos: talleres, charlas, retiros, gu\u00edas de estudio&#8230; \u00a1todo lo necesario para que los principios de &#8220;Mi Vida SAS&#8221; se integren profundamente en la vida de sus participantes! En esencia, se trata de acompa\u00f1ar y fortalecer a cada persona en su proceso de crecimiento, ayud\u00e1ndola a cultivar una identidad coherente, aut\u00e9ntica y orientada al amor.<\/p>\n<h1>\u00a1Una red de apoyo y crecimiento compartido!<\/h1>\n<p>&#8220;Mi Vida SAS&#8221; se basa en la colaboraci\u00f3n&#8230; en un modelo que fomenta la fraternidad y el apoyo mutuo. Desde la Comunidad Plenitud Sacerdotal, sus miembros se identifican con la filosof\u00eda de \u201cPermanecer en el Amor y Servicio\u201d (P.A.S.). A trav\u00e9s de esta conexi\u00f3n con otros, cada individuo no solo crece a nivel personal, sino que se convierte en un agente de cambio positivo en su entorno, aportando al bienestar com\u00fan desde su &#8220;empresa del alma&#8221;.<\/p>\n<p>En pocas palabras, &#8220;Mi Vida SAS&#8221; es m\u00e1s que un proyecto&#8230; es una manera de vivir la vida con sentido de comunidad; un estilo de vida en el que el crecimiento personal va de la mano con el compromiso hacia los dem\u00e1s. Y esto&#8230; nos lleva al origen del t\u00e9rmino &#8220;SAS&#8221;.<\/p>\n<h1>\u00a0\u00bfQu\u00e9 significa &#8220;SAS&#8221;?<\/h1>\n<p>SAS representa &#8220;Satisfechos en el Amor y el Servicio&#8221;. Bajo esta filosof\u00eda, se propone un camino de desarrollo personal en el que los valores como el servicio, la autenticidad y el amor son las bases de una vida verdaderamente plena. Pero&#8230; SAS tambi\u00e9n es un contrapunto a EGO S.A., el enfoque opuesto que se centra en el materialismo y en la b\u00fasqueda de la validaci\u00f3n externa. En esta &#8220;empresa&#8221; del alma, la satisfacci\u00f3n no proviene de acumular cosas&#8230; \u00a1sino de cultivar nuestro ser interior y de vivir de acuerdo con nuestros principios m\u00e1s profundos!<\/p>\n<h1>Impacto y visi\u00f3n a largo plazo&#8230; \u00a1para transformar vidas!<\/h1>\n<p>El impacto de este proyecto va mucho m\u00e1s all\u00e1 de cada persona&#8230; aspira a sanar el vac\u00edo existencial que muchos experimentan y a ofrecer un faro de esperanza para una sociedad que anhela sentido y redenci\u00f3n. Como parte de esta visi\u00f3n, el proyecto fomenta la formaci\u00f3n de una comunidad de aprendizaje y apoyo mutuo que busca un prop\u00f3sito compartido. Los colaboradores de la Comunidad describen &#8220;Mi Vida SAS&#8221; como una gu\u00eda para &#8220;l\u00edderes del alma&#8221;, una inspiraci\u00f3n para quienes desean construir una vida plena y contribuir al bienestar com\u00fan.<\/p>\n<p>\u00bfTe atreves a construir tu \u201cempresa personal\u201d con el amor y el servicio como ejes centrales? &#8220;Mi Vida SAS&#8221; es una invitaci\u00f3n a vivir con prop\u00f3sito&#8230; \u00a1a hacer de la propia vida una obra llena de autenticidad, crecimiento y servicio!<\/p>\n","protected":false},"excerpt":{"rendered":"<p>&#8220;Mi Vida SAS&#8221; no es solo un proyecto&#8230; es una propuesta de vida; un enfoque audaz y \u00fanico, inspirado en el amor y el servicio. Desde la Comunidad Plenitud Sacerdotal \u2014fundadora de esta iniciativa\u2014 se nos invita a ver nuestra propia vida como la \u201cempresa del alma\u201d, un proyecto personal donde gestionamos (de manera estrat\u00e9gica) [&hellip;]<\/p>\n","protected":false},"author":1,"featured_media":6745,"comment_status":"open","ping_status":"open","sticky":false,"template":"","format":"standard","meta":{"footnotes":""},"categories":[1],"tags":[117,120,123,119,115,132,82,124,125,128,118,129,122,130,121,116,131,126,127,133],"class_list":["post-6743","post","type-post","status-publish","format-standard","has-post-thumbnail","hentry","category-blog","tag-amor-y-servicio","tag-autenticidad","tag-bienestar-integral","tag-comunidad","tag-crecimiento-espiritual","tag-decisiones-conscientes","tag-desarrollo-personal","tag-espiritualidad","tag-filosofia-de-vida","tag-fraternidad","tag-gestion-estrategica","tag-impacto-social","tag-liderazgo-del-alma","tag-mentalidad-positiva","tag-proposito-de-vida","tag-proyecto-de-vida","tag-reflexion-personal","tag-transformacion-personal","tag-valores","tag-vida-plena"],"_links":{"self":[{"href":"https:\/\/mividasas.com\/en\/wp-json\/wp\/v2\/posts\/6743","targetHints":{"allow":["GET"]}}],"collection":[{"href":"https:\/\/mividasas.com\/en\/wp-json\/wp\/v2\/posts"}],"about":[{"href":"https:\/\/mividasas.com\/en\/wp-json\/wp\/v2\/types\/post"}],"author":[{"embeddable":true,"href":"https:\/\/mividasas.com\/en\/wp-json\/wp\/v2\/users\/1"}],"replies":[{"embeddable":true,"href":"https:\/\/mividasas.com\/en\/wp-json\/wp\/v2\/comments?post=6743"}],"version-history":[{"count":1,"href":"https:\/\/mividasas.com\/en\/wp-json\/wp\/v2\/posts\/6743\/revisions"}],"predecessor-version":[{"id":6746,"href":"https:\/\/mividasas.com\/en\/wp-json\/wp\/v2\/posts\/6743\/revisions\/6746"}],"wp:featuredmedia":[{"embeddable":true,"href":"https:\/\/mividasas.com\/en\/wp-json\/wp\/v2\/media\/6745"}],"wp:attachment":[{"href":"https:\/\/mividasas.com\/en\/wp-json\/wp\/v2\/media?parent=6743"}],"wp:term":[{"taxonomy":"category","embeddable":true,"href":"https:\/\/mividasas.com\/en\/wp-json\/wp\/v2\/categories?post=6743"},{"taxonomy":"post_tag","embeddable":true,"href":"https:\/\/mividasas.com\/en\/wp-json\/wp\/v2\/tags?post=6743"}],"curies":[{"name":"wp","href":"https:\/\/api.w.org\/{rel}","templated":true}]}}